{"id":62,"date":"2011-03-01T22:00:00","date_gmt":"2011-03-01T22:00:00","guid":{"rendered":"https:\/\/primariacontesti.ro\/?p=62"},"modified":"2011-03-01T22:00:00","modified_gmt":"2011-03-01T22:00:00","slug":"a-fost-adoptat-bugetul-aferent-anului-2011","status":"publish","type":"post","link":"https:\/\/primariacontesti.ro\/?p=62","title":{"rendered":"A fost adoptat bugetul aferent anului 2011"},"content":{"rendered":"<p><strong><em>La sf\u00e2r\u015fitul lunii februarie, Consiliul Local Con\u0163e\u015fti, reunit \u00een \u015fedin\u0163\u0103 de lucru, a adoptat bugetul aferent anului 2011. Pentru mai multe detalii, urm\u0103ri\u0163i linkurile de mai jos:<\/em><\/strong><\/p>\n<p><strong><em><br \/><\/em><\/strong><\/p>\n<p style=\"padding-left: 30px;\"><a href=\"images\/documente utile\/hotarare adoptare buget 2011.pdf\"><strong>Hot\u0103r\u00e2re cu privire la adoptarea bugetului pe anul 2011<\/strong><\/a><\/p>\n<p style=\"padding-left: 30px;\"><a href=\"images\/documente utile\/bugetul local pentru 2011.pdf\" target=\"_blank\"><strong>Bugetul comunei Con\u0163e\u015fti pe anul 2011<\/strong><\/a><\/p>\n","protected":false},"excerpt":{"rendered":"<p>La sf\u00e2r\u015fitul lunii februarie, Consiliul Local Con\u0163e\u015fti, reunit \u00een \u015fedin\u0163\u0103 de lucru, a adoptat bugetul aferent anului 2011. Pentru mai multe detalii, urm\u0103ri\u0163i linkurile de mai jos: Hot\u0103r\u00e2re cu privire la adoptarea bugetului pe anul 2011 Bugetul comunei Con\u0163e\u015fti pe anul 2011<\/p>\n","protected":false},"author":1,"featured_media":0,"comment_status":"open","ping_status":"open","sticky":false,"template":"","format":"standard","meta":{"footnotes":""},"categories":[61],"tags":[],"class_list":["post-62","post","type-post","status-publish","format-standard","hentry","category-buget"],"_links":{"self":[{"href":"https:\/\/primariacontesti.ro\/index.php?rest_route=\/wp\/v2\/posts\/62","targetHints":{"allow":["GET"]}}],"collection":[{"href":"https:\/\/primariacontesti.ro\/index.php?rest_route=\/wp\/v2\/posts"}],"about":[{"href":"https:\/\/primariacontesti.ro\/index.php?rest_route=\/wp\/v2\/types\/post"}],"author":[{"embeddable":true,"href":"https:\/\/primariacontesti.ro\/index.php?rest_route=\/wp\/v2\/users\/1"}],"replies":[{"embeddable":true,"href":"https:\/\/primariacontesti.ro\/index.php?rest_route=%2Fwp%2Fv2%2Fcomments&post=62"}],"version-history":[{"count":0,"href":"https:\/\/primariacontesti.ro\/index.php?rest_route=\/wp\/v2\/posts\/62\/revisions"}],"wp:attachment":[{"href":"https:\/\/primariacontesti.ro\/index.php?rest_route=%2Fwp%2Fv2%2Fmedia&parent=62"}],"wp:term":[{"taxonomy":"category","embeddable":true,"href":"https:\/\/primariacontesti.ro\/index.php?rest_route=%2Fwp%2Fv2%2Fcategories&post=62"},{"taxonomy":"post_tag","embeddable":true,"href":"https:\/\/primariacontesti.ro\/index.php?rest_route=%2Fwp%2Fv2%2Ftags&post=62"}],"curies":[{"name":"wp","href":"https:\/\/api.w.org\/{rel}","templated":true}]}}